{"id":1880,"date":"2020-01-01T00:00:53","date_gmt":"2019-12-31T23:00:53","guid":{"rendered":"https:\/\/cristinafigueroa.es\/?p=1880"},"modified":"2024-04-02T06:18:38","modified_gmt":"2024-04-02T04:18:38","slug":"un-poco-de-mi","status":"publish","type":"post","link":"https:\/\/cristinafigueroa.es\/?p=1880","title":{"rendered":"Un poco de m\u00ed"},"content":{"rendered":"\t\t<div data-elementor-type=\"wp-post\" data-elementor-id=\"1880\" class=\"elementor elementor-1880\" data-elementor-post-type=\"post\">\n\t\t\t\t\t\t<section class=\"elementor-section elementor-top-section elementor-element elementor-element-974d468 elementor-section-full_width elementor-section-height-default elementor-section-height-default\" data-id=\"974d468\" data-element_type=\"section\">\n\t\t\t\t\t\t<div class=\"elementor-container elementor-column-gap-default\">\n\t\t\t\t\t<div class=\"elementor-column elementor-col-100 elementor-top-column elementor-element elementor-element-a8d053a\" data-id=\"a8d053a\" data-element_type=\"column\">\n\t\t\t<div class=\"elementor-widget-wrap elementor-element-populated\">\n\t\t\t\t\t\t<div class=\"elementor-element elementor-element-de5e870 elementor-widget elementor-widget-heading\" data-id=\"de5e870\" data-element_type=\"widget\" data-widget_type=\"heading.default\">\n\t\t\t\t<div class=\"elementor-widget-container\">\n\t\t\t<h1 class=\"elementor-heading-title elementor-size-default\">En esta entrada quiero hablar un poco de m\u00ed y de las influencias que he tenido como dibujante.<\/h1>\t\t<\/div>\n\t\t\t\t<\/div>\n\t\t\t\t\t<\/div>\n\t\t<\/div>\n\t\t\t\t\t<\/div>\n\t\t<\/section>\n\t\t\t\t<section class=\"elementor-section elementor-top-section elementor-element elementor-element-29755ad3 elementor-section-boxed elementor-section-height-default elementor-section-height-default\" data-id=\"29755ad3\" data-element_type=\"section\">\n\t\t\t\t\t\t<div class=\"elementor-container elementor-column-gap-default\">\n\t\t\t\t\t<div class=\"elementor-column elementor-col-100 elementor-top-column elementor-element elementor-element-5e4712c1\" data-id=\"5e4712c1\" data-element_type=\"column\">\n\t\t\t<div class=\"elementor-widget-wrap elementor-element-populated\">\n\t\t\t\t\t\t<div class=\"elementor-element elementor-element-644fe5c0 elementor-widget elementor-widget-text-editor\" data-id=\"644fe5c0\" data-element_type=\"widget\" data-widget_type=\"text-editor.default\">\n\t\t\t\t<div class=\"elementor-widget-container\">\n\t\t\t\t\t\t\t<p>Nac\u00ed en 1970 en <strong>Medina del Campo<\/strong>, poblaci\u00f3n de 20.000 habitantes situada en plena meseta castellana al sur de Valladolid, a 160 km de Madrid, en el seno de una familia numerosa con varios hermanos y hermanas, en la cual mi padre era funcionario de correos, mi madre ama de casa, y los abuelos, ferroviarios ellos y amas de casa ellas.<\/p><hr \/><p><a href=\"https:\/\/cristinafigueroa.es\/wp-content\/uploads\/2019\/10\/castillomota.jpg\"><img fetchpriority=\"high\" decoding=\"async\" class=\"aligncenter wp-image-1988 size-large\" title=\"castillo-de-la-mota-1995\" src=\"https:\/\/cristinafigueroa.es\/wp-content\/uploads\/2019\/10\/castillomota-1024x548.jpg\" alt=\"Castillo de la Mota en los a\u00f1os 90\" width=\"1024\" height=\"548\" srcset=\"https:\/\/cristinafigueroa.es\/wp-content\/uploads\/2019\/10\/castillomota-1024x548.jpg 1024w, https:\/\/cristinafigueroa.es\/wp-content\/uploads\/2019\/10\/castillomota-300x160.jpg 300w, https:\/\/cristinafigueroa.es\/wp-content\/uploads\/2019\/10\/castillomota-768x411.jpg 768w, https:\/\/cristinafigueroa.es\/wp-content\/uploads\/2019\/10\/castillomota-600x321.jpg 600w, https:\/\/cristinafigueroa.es\/wp-content\/uploads\/2019\/10\/castillomota.jpg 1677w\" sizes=\"(max-width: 1024px) 100vw, 1024px\" \/><\/a><\/p><hr \/><p>Mi pueblo es conocido sobre todo por el castillo de la Mota, que lo dibujar\u00eda de todas las formas posibles, ya que la casa de mis padres ten\u00eda buenas vistas al mismo. Mi infancia fue m\u00e1s o menos tranquila, creciendo felizmente entre los pinares.<\/p><p><a href=\"https:\/\/cristinafigueroa.es\/wp-content\/uploads\/2019\/10\/pinaresvalladolid.jpg\"><img decoding=\"async\" class=\"aligncenter wp-image-1926 size-large\" title=\"pinares-de-valladolid\" src=\"https:\/\/cristinafigueroa.es\/wp-content\/uploads\/2019\/10\/pinaresvalladolid-1024x667.jpg\" alt=\"Pinares de Valladolid\" width=\"1024\" height=\"667\" srcset=\"https:\/\/cristinafigueroa.es\/wp-content\/uploads\/2019\/10\/pinaresvalladolid.jpg 1024w, https:\/\/cristinafigueroa.es\/wp-content\/uploads\/2019\/10\/pinaresvalladolid-300x195.jpg 300w, https:\/\/cristinafigueroa.es\/wp-content\/uploads\/2019\/10\/pinaresvalladolid-768x500.jpg 768w, https:\/\/cristinafigueroa.es\/wp-content\/uploads\/2019\/10\/pinaresvalladolid-600x391.jpg 600w\" sizes=\"(max-width: 1024px) 100vw, 1024px\" \/><\/a><\/p><p><a href=\"https:\/\/cristinafigueroa.es\/wp-content\/uploads\/2019\/10\/Sin-t\u00edtulo-8.jpg\"><img decoding=\"async\" class=\"aligncenter wp-image-1932 size-medium\" title=\"1980\" src=\"https:\/\/cristinafigueroa.es\/wp-content\/uploads\/2019\/10\/Sin-t\u00edtulo-8-211x300.jpg\" alt=\"1980\" width=\"211\" height=\"300\" srcset=\"https:\/\/cristinafigueroa.es\/wp-content\/uploads\/2019\/10\/Sin-t\u00edtulo-8-211x300.jpg 211w, https:\/\/cristinafigueroa.es\/wp-content\/uploads\/2019\/10\/Sin-t\u00edtulo-8-768x1094.jpg 768w, https:\/\/cristinafigueroa.es\/wp-content\/uploads\/2019\/10\/Sin-t\u00edtulo-8-719x1024.jpg 719w, https:\/\/cristinafigueroa.es\/wp-content\/uploads\/2019\/10\/Sin-t\u00edtulo-8-600x855.jpg 600w, https:\/\/cristinafigueroa.es\/wp-content\/uploads\/2019\/10\/Sin-t\u00edtulo-8.jpg 1348w\" sizes=\"(max-width: 211px) 100vw, 211px\" \/><\/a><\/p><p>Estudi\u00e9 la educaci\u00f3n primaria (EGB), en el colegio &#8220;<em>Nuestra Se\u00f1ora de las Mercedes<\/em>&#8220;; la ense\u00f1anza secundaria (BUP y COU), en el Instituto &#8220;<em>Emperador Carlos<\/em>&#8220;. Y la ense\u00f1anza universitaria, en la <em>Universidad de Valladolid<\/em>. Siendo en general buena estudiante.<\/p><p>Pero desde peque\u00f1a lo que m\u00e1s me gustaba fue siempre dibujar. Empec\u00e9 a dibujar antes que a leer. En el colegio ya llenaba libretas y blocs con cualquier idea que se me pasara por la mente, a menudo en forma de historietas infantiles. Creo que tuvimos una gran suerte de haber podido disfrutar de tantos tebeos y tan variados.<\/p><p>Tod@s copi\u00e1bamos a Francisco Ib\u00e1\u00f1ez, que nos parec\u00eda &#8220;el mejor&#8221; (<i>Mortadelo y Filem\u00f3n, 13 Rue del Percebe<\/i>\u2026); o a Manuel V\u00e1zquez (<i>Anacleto agente secreto<\/i>). Eran mis favoritos de la <strong>editorial Bruguera<\/strong>, que a m\u00ed me divert\u00edan bastante m\u00e1s que los superh\u00e9roes de la Marvel. (De estos \u00faltimos, yo cre\u00eda que era siempre el mismo hombre con distintos disfraces&#8230;)<\/p><p><a href=\"https:\/\/cristinafigueroa.es\/wp-content\/uploads\/2019\/10\/046_1990.jpg\"><img loading=\"lazy\" decoding=\"async\" class=\"aligncenter wp-image-1938 size-full\" title=\"A la izquierda, portada de &quot;Super Humor&quot;. A la derecha, &quot;Anacleto agente secreto&quot;\" src=\"https:\/\/cristinafigueroa.es\/wp-content\/uploads\/2019\/10\/046_1990.jpg\" alt=\"ibanezyvazquez\" width=\"1191\" height=\"802\" srcset=\"https:\/\/cristinafigueroa.es\/wp-content\/uploads\/2019\/10\/046_1990.jpg 1191w, https:\/\/cristinafigueroa.es\/wp-content\/uploads\/2019\/10\/046_1990-300x202.jpg 300w, https:\/\/cristinafigueroa.es\/wp-content\/uploads\/2019\/10\/046_1990-768x517.jpg 768w, https:\/\/cristinafigueroa.es\/wp-content\/uploads\/2019\/10\/046_1990-1024x690.jpg 1024w, https:\/\/cristinafigueroa.es\/wp-content\/uploads\/2019\/10\/046_1990-600x404.jpg 600w\" sizes=\"(max-width: 1191px) 100vw, 1191px\" \/><\/a><\/p><p><a href=\"https:\/\/cristinafigueroa.es\/wp-content\/uploads\/2019\/10\/13-rue-01.jpg\"><img loading=\"lazy\" decoding=\"async\" class=\"aligncenter wp-image-1945 size-large\" title=\"13 R\u00fae del Percebe\" src=\"https:\/\/cristinafigueroa.es\/wp-content\/uploads\/2019\/10\/13-rue-01-715x1024.jpg\" alt=\"13ruepercebe\" width=\"715\" height=\"1024\" srcset=\"https:\/\/cristinafigueroa.es\/wp-content\/uploads\/2019\/10\/13-rue-01-715x1024.jpg 715w, https:\/\/cristinafigueroa.es\/wp-content\/uploads\/2019\/10\/13-rue-01-209x300.jpg 209w, https:\/\/cristinafigueroa.es\/wp-content\/uploads\/2019\/10\/13-rue-01-768x1100.jpg 768w, https:\/\/cristinafigueroa.es\/wp-content\/uploads\/2019\/10\/13-rue-01-600x859.jpg 600w, https:\/\/cristinafigueroa.es\/wp-content\/uploads\/2019\/10\/13-rue-01.jpg 1000w\" sizes=\"(max-width: 715px) 100vw, 715px\" \/><\/a><\/p><p><a href=\"https:\/\/cristinafigueroa.es\/wp-content\/uploads\/2019\/10\/tiovazquez.jpg\"><img loading=\"lazy\" decoding=\"async\" class=\"aligncenter wp-image-1982 size-full\" title=\"&quot;Los cuentos de t\u00edo V\u00e1zquez&quot;, donde el propio dibujante contaba sus aventuras y desventuras\" src=\"https:\/\/cristinafigueroa.es\/wp-content\/uploads\/2019\/10\/tiovazquez.jpg\" alt=\"eltiovazquez\" width=\"600\" height=\"481\" srcset=\"https:\/\/cristinafigueroa.es\/wp-content\/uploads\/2019\/10\/tiovazquez.jpg 600w, https:\/\/cristinafigueroa.es\/wp-content\/uploads\/2019\/10\/tiovazquez-300x241.jpg 300w\" sizes=\"(max-width: 600px) 100vw, 600px\" \/><\/a><\/p><p>Por otra parte, estaban muy presentes los <strong>animes japoneses infantiles de los 70<\/strong> (<em>Marco<\/em>, <em>Heidi<\/em>, <em>Mazinger Z, etc<\/em>); la <strong>animaci\u00f3n europea <\/strong>(<em>La abeja Maya, Vicky el Vickingo, \u00c9rase una vez el Hombre&#8230;<\/em>) y por supuesto la animaci\u00f3n norteamericana cl\u00e1sica (<strong>Disney<\/strong>, la <strong>Warner<\/strong>). La televisi\u00f3n conformaba nuestras cabecitas.<\/p><p><a href=\"https:\/\/cristinafigueroa.es\/wp-content\/uploads\/2019\/10\/heidi.jpg\"><img loading=\"lazy\" decoding=\"async\" class=\"wp-image-1991 size-full\" title=\"Heidi\" src=\"https:\/\/cristinafigueroa.es\/wp-content\/uploads\/2019\/10\/heidi.jpg\" alt=\"Heidi\" width=\"912\" height=\"622\" srcset=\"https:\/\/cristinafigueroa.es\/wp-content\/uploads\/2019\/10\/heidi.jpg 912w, https:\/\/cristinafigueroa.es\/wp-content\/uploads\/2019\/10\/heidi-300x205.jpg 300w, https:\/\/cristinafigueroa.es\/wp-content\/uploads\/2019\/10\/heidi-768x524.jpg 768w, https:\/\/cristinafigueroa.es\/wp-content\/uploads\/2019\/10\/heidi-600x409.jpg 600w\" sizes=\"(max-width: 912px) 100vw, 912px\" \/><\/a><\/p><p><a href=\"https:\/\/cristinafigueroa.es\/wp-content\/uploads\/2019\/10\/mazingerz.jpg\"><img loading=\"lazy\" decoding=\"async\" class=\"aligncenter wp-image-1993 size-full\" title=\"&quot;Mazinger Z&quot;, que al principio se subtitul\u00f3 &quot;La guerra de los robots gigantes&quot;\" src=\"https:\/\/cristinafigueroa.es\/wp-content\/uploads\/2019\/10\/mazingerz.jpg\" alt=\"mazingerz\" width=\"975\" height=\"549\" srcset=\"https:\/\/cristinafigueroa.es\/wp-content\/uploads\/2019\/10\/mazingerz.jpg 975w, https:\/\/cristinafigueroa.es\/wp-content\/uploads\/2019\/10\/mazingerz-300x169.jpg 300w, https:\/\/cristinafigueroa.es\/wp-content\/uploads\/2019\/10\/mazingerz-768x432.jpg 768w, https:\/\/cristinafigueroa.es\/wp-content\/uploads\/2019\/10\/mazingerz-600x338.jpg 600w\" sizes=\"(max-width: 975px) 100vw, 975px\" \/><\/a><\/p><p><a href=\"https:\/\/cristinafigueroa.es\/wp-content\/uploads\/2019\/10\/blancanieves.jpg\"><img loading=\"lazy\" decoding=\"async\" class=\"wp-image-1996 size-full\" title=\"&quot;Blancanieves&quot; seg\u00fan Disney \" src=\"https:\/\/cristinafigueroa.es\/wp-content\/uploads\/2019\/10\/blancanieves.jpg\" alt=\"Blancanieves\" width=\"850\" height=\"638\" srcset=\"https:\/\/cristinafigueroa.es\/wp-content\/uploads\/2019\/10\/blancanieves.jpg 850w, https:\/\/cristinafigueroa.es\/wp-content\/uploads\/2019\/10\/blancanieves-300x225.jpg 300w, https:\/\/cristinafigueroa.es\/wp-content\/uploads\/2019\/10\/blancanieves-768x576.jpg 768w, https:\/\/cristinafigueroa.es\/wp-content\/uploads\/2019\/10\/blancanieves-600x450.jpg 600w\" sizes=\"(max-width: 850px) 100vw, 850px\" \/><\/a><\/p><p><a href=\"https:\/\/cristinafigueroa.es\/wp-content\/uploads\/2019\/10\/looneytoons.jpg\"><img loading=\"lazy\" decoding=\"async\" class=\"aligncenter wp-image-1992 size-large\" title=\"Dibujos de la Warner: Bugs Bunny, Piol\u00edn, el pato Lucas, Porky, el demonio de Tasmania, etc\" src=\"https:\/\/cristinafigueroa.es\/wp-content\/uploads\/2019\/10\/looneytoons-1024x776.jpg\" alt=\"Warner\" width=\"1024\" height=\"776\" srcset=\"https:\/\/cristinafigueroa.es\/wp-content\/uploads\/2019\/10\/looneytoons-1024x776.jpg 1024w, https:\/\/cristinafigueroa.es\/wp-content\/uploads\/2019\/10\/looneytoons-300x227.jpg 300w, https:\/\/cristinafigueroa.es\/wp-content\/uploads\/2019\/10\/looneytoons-768x582.jpg 768w, https:\/\/cristinafigueroa.es\/wp-content\/uploads\/2019\/10\/looneytoons-600x455.jpg 600w, https:\/\/cristinafigueroa.es\/wp-content\/uploads\/2019\/10\/looneytoons.jpg 1121w\" sizes=\"(max-width: 1024px) 100vw, 1024px\" \/><\/a><\/p><p>Aparte de los dibujos animados y los tebeos, en mi casa hab\u00eda un peque\u00f1o libro de arte: \u201c<strong>Cien obras maestras de la pintura<\/strong>\u201d, que me gustaba verlo una y otra vez como si los cuadros contaran un extra\u00f1o cuento&#8230; Unos me inspiraban alegr\u00eda, como \u201c<em>El columpio<\/em>\u201d de Fragonard; otros me parec\u00edan muy enigm\u00e1ticos (&#8220;<em>La Virgen de Melun<\/em>&#8220;), o bien me daban como pena (&#8220;<em>Descanso en la huida a Egipto<\/em>&#8220;, donde yo ve\u00eda a una madre con su ni\u00f1o, abandonados en medio del bosque ellos dos solos). Recuerdo que hab\u00eda un cuadro que me aterrorizaba, y evitaba encontr\u00e1rmelo al pasar las p\u00e1ginas: &#8220;<em>Ni\u00f1os ba\u00f1\u00e1ndose en la playa<\/em>\u201d, de Joaqu\u00edn Sorolla. Me asustaba verlos porque parec\u00eda que estaban en carne viva&#8230;. Y se re\u00edan! (Y es que en el libro hab\u00eda salido impreso con colores muy rojizos).<\/p><p><a href=\"https:\/\/cristinafigueroa.es\/wp-content\/uploads\/2019\/10\/cien-obras-maestras-de-la-pintura.jpg\"><img loading=\"lazy\" decoding=\"async\" class=\"wp-image-1954 size-large\" title=\"A la izqda., &quot;Cien obras maestras de la pintura&quot; de Salvat. A la dcha., &quot;El columpio&quot; de Fragonard\" src=\"https:\/\/cristinafigueroa.es\/wp-content\/uploads\/2019\/10\/cien-obras-maestras-de-la-pintura-1024x638.jpg\" alt=\"Cien obras maestras de la pintura\" width=\"1024\" height=\"638\" srcset=\"https:\/\/cristinafigueroa.es\/wp-content\/uploads\/2019\/10\/cien-obras-maestras-de-la-pintura-1024x638.jpg 1024w, https:\/\/cristinafigueroa.es\/wp-content\/uploads\/2019\/10\/cien-obras-maestras-de-la-pintura-300x187.jpg 300w, https:\/\/cristinafigueroa.es\/wp-content\/uploads\/2019\/10\/cien-obras-maestras-de-la-pintura-768x478.jpg 768w, https:\/\/cristinafigueroa.es\/wp-content\/uploads\/2019\/10\/cien-obras-maestras-de-la-pintura-600x374.jpg 600w, https:\/\/cristinafigueroa.es\/wp-content\/uploads\/2019\/10\/cien-obras-maestras-de-la-pintura.jpg 1772w\" sizes=\"(max-width: 1024px) 100vw, 1024px\" \/><\/a> <a href=\"https:\/\/cristinafigueroa.es\/wp-content\/uploads\/2019\/10\/patinirfouquet.jpg\"><img loading=\"lazy\" decoding=\"async\" class=\"wp-image-1994 size-large\" title=\"A la izquierda, &quot;Descanso en la huida a Egipto&quot; de Patinir. A la derecha, &quot;La virgen de Melun&quot; de Fouquet\" src=\"https:\/\/cristinafigueroa.es\/wp-content\/uploads\/2019\/10\/patinirfouquet-1024x432.jpg\" alt=\"virgenes\" width=\"1024\" height=\"432\" srcset=\"https:\/\/cristinafigueroa.es\/wp-content\/uploads\/2019\/10\/patinirfouquet-1024x432.jpg 1024w, https:\/\/cristinafigueroa.es\/wp-content\/uploads\/2019\/10\/patinirfouquet-300x127.jpg 300w, https:\/\/cristinafigueroa.es\/wp-content\/uploads\/2019\/10\/patinirfouquet-768x324.jpg 768w, https:\/\/cristinafigueroa.es\/wp-content\/uploads\/2019\/10\/patinirfouquet-600x253.jpg 600w, https:\/\/cristinafigueroa.es\/wp-content\/uploads\/2019\/10\/patinirfouquet.jpg 1191w\" sizes=\"(max-width: 1024px) 100vw, 1024px\" \/><\/a><\/p><p><a href=\"https:\/\/cristinafigueroa.es\/wp-content\/uploads\/2019\/10\/8.jpg\"><img loading=\"lazy\" decoding=\"async\" class=\"aligncenter wp-image-1898 size-medium\" title=\"1981\" src=\"https:\/\/cristinafigueroa.es\/wp-content\/uploads\/2019\/10\/8-196x300.jpg\" alt=\"1981\" width=\"196\" height=\"300\" srcset=\"https:\/\/cristinafigueroa.es\/wp-content\/uploads\/2019\/10\/8-196x300.jpg 196w, https:\/\/cristinafigueroa.es\/wp-content\/uploads\/2019\/10\/8.jpg 408w\" sizes=\"(max-width: 196px) 100vw, 196px\" \/><\/a><\/p><p>As\u00ed fue pasando mi infancia durante la Transici\u00f3n espa\u00f1ola y primeros a\u00f1os 80. Entre pel\u00edculas de Spielberg y pel\u00edculas de Ozores. Entre series americanas como <em>Starsky y Hutch<\/em>, y series espa\u00f1olas como <em>Verano Azul<\/em>. De todo un poco.<\/p><p>De ni\u00f1a yo quer\u00eda ser arquitecta, porque me gustaba estudiar, dibujar, y hacer construcciones con el <em>Tente. <\/em>Otros juguetes a los que saqu\u00e9 mucho partido fueron el <em>Telesketch<\/em>, el <em>cubo de Rubik<\/em>, y c\u00f3mo no, los primeros videojuegos como el <em>Comecocos<\/em>. No era especialmente fan de las mu\u00f1ecas, aunque algunas tuve, claro, como todas las ni\u00f1as.<\/p><p><a href=\"https:\/\/cristinafigueroa.es\/wp-content\/uploads\/2019\/10\/101476751.jpg\"><img loading=\"lazy\" decoding=\"async\" class=\"aligncenter wp-image-1959 size-large\" title=\"De izqda. a dcha: Nancy, el Tente, el cubo de Rubik, el Telescketch, y el Comecocos de Atari\" src=\"https:\/\/cristinafigueroa.es\/wp-content\/uploads\/2019\/10\/101476751-1024x309.jpg\" alt=\"Juguetes\" width=\"1024\" height=\"309\" srcset=\"https:\/\/cristinafigueroa.es\/wp-content\/uploads\/2019\/10\/101476751-1024x309.jpg 1024w, https:\/\/cristinafigueroa.es\/wp-content\/uploads\/2019\/10\/101476751-300x91.jpg 300w, https:\/\/cristinafigueroa.es\/wp-content\/uploads\/2019\/10\/101476751-768x232.jpg 768w, https:\/\/cristinafigueroa.es\/wp-content\/uploads\/2019\/10\/101476751-600x181.jpg 600w, https:\/\/cristinafigueroa.es\/wp-content\/uploads\/2019\/10\/101476751.jpg 1246w\" sizes=\"(max-width: 1024px) 100vw, 1024px\" \/><\/a><\/p><p>Termin\u00e9 la EGB en 1984, mientras segu\u00eda un <strong>curso de dibujo por fasc\u00edculos, de Orbis-Fabbri<\/strong>, algo que estaba muy de moda entonces. Aprend\u00ed bastante de composici\u00f3n, de teor\u00eda del color, anatom\u00eda, etc. Se basaba en el estudio concienzudo de c\u00f3mo dibujaban los antiguos artistas. Me fue muy \u00fatil. De hecho se sigue vendiendo como &#8220;Curso autodid\u00e1ctico de dibujo&#8221;.<\/p><p><a href=\"https:\/\/cristinafigueroa.es\/wp-content\/uploads\/2019\/10\/1982.jpg\"><img loading=\"lazy\" decoding=\"async\" class=\"aligncenter wp-image-1960 size-large\" title=\"Curso de dibujo de Orbis-Fabbri\" src=\"https:\/\/cristinafigueroa.es\/wp-content\/uploads\/2019\/10\/1982-1024x385.jpg\" alt=\"Curso de dibujo por fasc\u00edculos\" width=\"1024\" height=\"385\" srcset=\"https:\/\/cristinafigueroa.es\/wp-content\/uploads\/2019\/10\/1982-1024x385.jpg 1024w, https:\/\/cristinafigueroa.es\/wp-content\/uploads\/2019\/10\/1982-300x113.jpg 300w, https:\/\/cristinafigueroa.es\/wp-content\/uploads\/2019\/10\/1982-768x288.jpg 768w, https:\/\/cristinafigueroa.es\/wp-content\/uploads\/2019\/10\/1982-600x225.jpg 600w, https:\/\/cristinafigueroa.es\/wp-content\/uploads\/2019\/10\/1982.jpg 1230w\" sizes=\"(max-width: 1024px) 100vw, 1024px\" \/><\/a><\/p><p><a href=\"https:\/\/cristinafigueroa.es\/wp-content\/uploads\/2019\/10\/9.jpg\"><img loading=\"lazy\" decoding=\"async\" class=\"aligncenter wp-image-1963 size-full\" title=\"1984\" src=\"https:\/\/cristinafigueroa.es\/wp-content\/uploads\/2019\/10\/9.jpg\" alt=\"1984\" width=\"386\" height=\"848\" srcset=\"https:\/\/cristinafigueroa.es\/wp-content\/uploads\/2019\/10\/9.jpg 386w, https:\/\/cristinafigueroa.es\/wp-content\/uploads\/2019\/10\/9-137x300.jpg 137w\" sizes=\"(max-width: 386px) 100vw, 386px\" \/><\/a><\/p><p>Durante la adolescencia, abandon\u00e9 las historietas m\u00e1gicas que dibujaba de ni\u00f1a<em>,<\/em> para desarrollar m\u00e1s la t\u00e9cnica del dibujo, haciendo infinidad de copias o reproducciones de cualquier cosa que viera interesante, a menudo carteles publicitarios o bien fotograf\u00eda (<em>Robert Doisneau, Robert Mapplethorpe, Cartier-Bresson, Sebastiao Salgado, Cristina Garc\u00eda-Rodero&#8230;<\/em>).<\/p><p><a href=\"https:\/\/cristinafigueroa.es\/wp-content\/uploads\/2019\/10\/robert-doisneau-el-beso-6x6-1.jpg\"><img loading=\"lazy\" decoding=\"async\" class=\"wp-image-2026 size-large\" title=\"&quot;El beso&quot;, de Robert Doisneau\" src=\"https:\/\/cristinafigueroa.es\/wp-content\/uploads\/2019\/10\/robert-doisneau-el-beso-6x6-1-1024x984.jpg\" alt=\"&quot;El beso&quot; de Robert Doisneau\" width=\"1024\" height=\"984\" srcset=\"https:\/\/cristinafigueroa.es\/wp-content\/uploads\/2019\/10\/robert-doisneau-el-beso-6x6-1.jpg 1024w, https:\/\/cristinafigueroa.es\/wp-content\/uploads\/2019\/10\/robert-doisneau-el-beso-6x6-1-300x288.jpg 300w, https:\/\/cristinafigueroa.es\/wp-content\/uploads\/2019\/10\/robert-doisneau-el-beso-6x6-1-768x738.jpg 768w, https:\/\/cristinafigueroa.es\/wp-content\/uploads\/2019\/10\/robert-doisneau-el-beso-6x6-1-600x577.jpg 600w\" sizes=\"(max-width: 1024px) 100vw, 1024px\" \/><\/a> <a href=\"https:\/\/cristinafigueroa.es\/wp-content\/uploads\/2019\/10\/robertmapplethorpe.jpg\"><img loading=\"lazy\" decoding=\"async\" class=\"wp-image-2027 size-large\" title=\"Dos desnudos de Robert Mapplethorpe\" src=\"https:\/\/cristinafigueroa.es\/wp-content\/uploads\/2019\/10\/robertmapplethorpe-1024x509.jpg\" alt=\"robertmapplethorpe\" width=\"1024\" height=\"509\" srcset=\"https:\/\/cristinafigueroa.es\/wp-content\/uploads\/2019\/10\/robertmapplethorpe-1024x509.jpg 1024w, https:\/\/cristinafigueroa.es\/wp-content\/uploads\/2019\/10\/robertmapplethorpe-300x149.jpg 300w, https:\/\/cristinafigueroa.es\/wp-content\/uploads\/2019\/10\/robertmapplethorpe-768x382.jpg 768w, https:\/\/cristinafigueroa.es\/wp-content\/uploads\/2019\/10\/robertmapplethorpe-600x298.jpg 600w, https:\/\/cristinafigueroa.es\/wp-content\/uploads\/2019\/10\/robertmapplethorpe.jpg 1134w\" sizes=\"(max-width: 1024px) 100vw, 1024px\" \/><\/a><\/p><p>Eran prioritarios los estudios, as\u00ed que el dibujo realista lo aprovechaba para ilustrar esquemas, fichas, trabajos de clase, etc. Gracias al <strong>dibujo t\u00e9cnico<\/strong> afil\u00e9 a\u00fan m\u00e1s la mirada: De esa manera invent\u00e9 un estilo basado en los trazos, la s\u00edntesis, y el espacio en blanco. Sin color.<img loading=\"lazy\" decoding=\"async\" class=\"aligncenter wp-image-1966 size-full\" title=\"Perspectiva c\u00f3nica con 3 puntos de fuga\" src=\"https:\/\/cristinafigueroa.es\/wp-content\/uploads\/2019\/10\/dab51d4734d16f0994cc1e45739745e7.jpg\" alt=\"Perspectiva c\u00f3nica\" width=\"955\" height=\"796\" srcset=\"https:\/\/cristinafigueroa.es\/wp-content\/uploads\/2019\/10\/dab51d4734d16f0994cc1e45739745e7.jpg 955w, https:\/\/cristinafigueroa.es\/wp-content\/uploads\/2019\/10\/dab51d4734d16f0994cc1e45739745e7-300x250.jpg 300w, https:\/\/cristinafigueroa.es\/wp-content\/uploads\/2019\/10\/dab51d4734d16f0994cc1e45739745e7-768x640.jpg 768w, https:\/\/cristinafigueroa.es\/wp-content\/uploads\/2019\/10\/dab51d4734d16f0994cc1e45739745e7-600x500.jpg 600w\" sizes=\"(max-width: 955px) 100vw, 955px\" \/><\/p><p style=\"text-align: center;\"><a href=\"https:\/\/cristinafigueroa.es\/wp-content\/uploads\/2020\/12\/doncella.jpg\"><img loading=\"lazy\" decoding=\"async\" class=\"aligncenter wp-image-2460 size-large\" title=\"&quot;La doncella&quot;\" src=\"https:\/\/cristinafigueroa.es\/wp-content\/uploads\/2020\/12\/doncella-744x1024.jpg\" alt=\"doncella\" width=\"744\" height=\"1024\" srcset=\"https:\/\/cristinafigueroa.es\/wp-content\/uploads\/2020\/12\/doncella-744x1024.jpg 744w, https:\/\/cristinafigueroa.es\/wp-content\/uploads\/2020\/12\/doncella-218x300.jpg 218w, https:\/\/cristinafigueroa.es\/wp-content\/uploads\/2020\/12\/doncella-768x1057.jpg 768w, https:\/\/cristinafigueroa.es\/wp-content\/uploads\/2020\/12\/doncella-600x826.jpg 600w, https:\/\/cristinafigueroa.es\/wp-content\/uploads\/2020\/12\/doncella.jpg 1395w\" sizes=\"(max-width: 744px) 100vw, 744px\" \/><\/a><\/p><p>Entre las corrientes art\u00edsticas, me encantaba el <strong>modernismo <\/strong>(<em>Alphonse Mucha, Antoni Gaud\u00ed, Ram\u00f3n Casas<\/em>, etc), y las figuras imposibles de <strong>Escher<\/strong>. Tambi\u00e9n coleccionaba caricaturas de <strong>Loredano,<\/strong> y recortes de dise\u00f1o gr\u00e1fico de los 80.<\/p><p><a href=\"https:\/\/cristinafigueroa.es\/wp-content\/uploads\/2019\/10\/mucha.jpg\"><img loading=\"lazy\" decoding=\"async\" class=\"aligncenter wp-image-2004 size-full\" title=\"&quot;Daydream&quot; de Alphonse Mucha (1897)\" src=\"https:\/\/cristinafigueroa.es\/wp-content\/uploads\/2019\/10\/mucha.jpg\" alt=\"Alphonse Mucha\" width=\"709\" height=\"920\" srcset=\"https:\/\/cristinafigueroa.es\/wp-content\/uploads\/2019\/10\/mucha.jpg 709w, https:\/\/cristinafigueroa.es\/wp-content\/uploads\/2019\/10\/mucha-231x300.jpg 231w, https:\/\/cristinafigueroa.es\/wp-content\/uploads\/2019\/10\/mucha-600x779.jpg 600w\" sizes=\"(max-width: 709px) 100vw, 709px\" \/><\/a><\/p><p><a href=\"https:\/\/cristinafigueroa.es\/wp-content\/uploads\/2019\/10\/gaudicasabatllo.jpg\"><img loading=\"lazy\" decoding=\"async\" class=\"aligncenter wp-image-1990 size-full\" title=\"\u00c1ticos de la casa Batll\u00f3, de Gaud\u00ed, en Barcelona\" src=\"https:\/\/cristinafigueroa.es\/wp-content\/uploads\/2019\/10\/gaudicasabatllo.jpg\" alt=\"Gaudi\" width=\"567\" height=\"850\" srcset=\"https:\/\/cristinafigueroa.es\/wp-content\/uploads\/2019\/10\/gaudicasabatllo.jpg 567w, https:\/\/cristinafigueroa.es\/wp-content\/uploads\/2019\/10\/gaudicasabatllo-200x300.jpg 200w\" sizes=\"(max-width: 567px) 100vw, 567px\" \/><\/a><\/p><p><a href=\"https:\/\/cristinafigueroa.es\/wp-content\/uploads\/2019\/10\/fee4b4a8-ec5d-4c2e-9943-577b690724d8.jpg\"><img loading=\"lazy\" decoding=\"async\" class=\"aligncenter wp-image-1969 size-large\" title=\"&quot;La carga&quot;, de Ram\u00f3n Casas (1904)\" src=\"https:\/\/cristinafigueroa.es\/wp-content\/uploads\/2019\/10\/fee4b4a8-ec5d-4c2e-9943-577b690724d8-1024x650.jpg\" alt=\"La carga\" width=\"1024\" height=\"650\" srcset=\"https:\/\/cristinafigueroa.es\/wp-content\/uploads\/2019\/10\/fee4b4a8-ec5d-4c2e-9943-577b690724d8-1024x650.jpg 1024w, https:\/\/cristinafigueroa.es\/wp-content\/uploads\/2019\/10\/fee4b4a8-ec5d-4c2e-9943-577b690724d8-300x190.jpg 300w, https:\/\/cristinafigueroa.es\/wp-content\/uploads\/2019\/10\/fee4b4a8-ec5d-4c2e-9943-577b690724d8-768x487.jpg 768w, https:\/\/cristinafigueroa.es\/wp-content\/uploads\/2019\/10\/fee4b4a8-ec5d-4c2e-9943-577b690724d8-600x381.jpg 600w, https:\/\/cristinafigueroa.es\/wp-content\/uploads\/2019\/10\/fee4b4a8-ec5d-4c2e-9943-577b690724d8.jpg 1280w\" sizes=\"(max-width: 1024px) 100vw, 1024px\" \/><\/a><\/p><p><a href=\"https:\/\/cristinafigueroa.es\/wp-content\/uploads\/2019\/10\/escher2-1.jpg\"><img loading=\"lazy\" decoding=\"async\" class=\"aligncenter wp-image-2017 size-full\" title=\"Composici\u00f3n de M.C.Escher, &quot;el matem\u00e1gico&quot;\" src=\"https:\/\/cristinafigueroa.es\/wp-content\/uploads\/2019\/10\/escher2-1.jpg\" alt=\"escher\" width=\"850\" height=\"424\" srcset=\"https:\/\/cristinafigueroa.es\/wp-content\/uploads\/2019\/10\/escher2-1.jpg 850w, https:\/\/cristinafigueroa.es\/wp-content\/uploads\/2019\/10\/escher2-1-300x150.jpg 300w, https:\/\/cristinafigueroa.es\/wp-content\/uploads\/2019\/10\/escher2-1-768x383.jpg 768w, https:\/\/cristinafigueroa.es\/wp-content\/uploads\/2019\/10\/escher2-1-600x299.jpg 600w\" sizes=\"(max-width: 850px) 100vw, 850px\" \/><\/a><\/p><p>As\u00ed continu\u00e9, en esta t\u00f3nica, en los a\u00f1os siguientes universitarios, mientras estudiaba <strong>Historia del Arte<\/strong>. Entonces a\u00fan se llamaba \u201cFilosof\u00eda y letras\u201d, porque los tres primeros a\u00f1os eran de materias de humanidades variadas (geograf\u00eda, historia, filosof\u00eda, literatura, etc), y la especializaci\u00f3n propiamente dicha era los dos \u00faltimos a\u00f1os, incluyendo asignaturas como Teor\u00eda de la est\u00e9tica, arqueolog\u00eda, arte precolombino, arte del siglo XVIII, historia del cine, m\u00fasica, etc.<\/p><p>Dibujaba mucho del natural, en la calle, tomando bocetos r\u00e1pidos de lugares y escenas, normalmente a bol\u00edgrafo o plumilla. Dos de aquellos bocetos los present\u00e9 el \u00faltimo a\u00f1o de carrera en mi primera exposici\u00f3n colectiva, \u201c<strong>Reunart 1995<\/strong>\u201d, organizada por la c\u00e1tedra de Historia del Arte: \u201c<em>Pasillo de la Facultad\u201d, <\/em>y<em> \u201cBiblioteca de Derecho<\/em>\u201d.<\/p><p><a href=\"https:\/\/cristinafigueroa.es\/wp-content\/uploads\/2019\/10\/facultad1995.jpg\"><img loading=\"lazy\" decoding=\"async\" class=\"wp-image-1972 size-large\" title=\"&quot;Pasillo de la facultad&quot;\" src=\"https:\/\/cristinafigueroa.es\/wp-content\/uploads\/2019\/10\/facultad1995-1024x690.jpg\" alt=\"&quot;Pasillo de la facultad&quot;\" width=\"1024\" height=\"690\" srcset=\"https:\/\/cristinafigueroa.es\/wp-content\/uploads\/2019\/10\/facultad1995-1024x690.jpg 1024w, https:\/\/cristinafigueroa.es\/wp-content\/uploads\/2019\/10\/facultad1995-300x202.jpg 300w, https:\/\/cristinafigueroa.es\/wp-content\/uploads\/2019\/10\/facultad1995-768x517.jpg 768w, https:\/\/cristinafigueroa.es\/wp-content\/uploads\/2019\/10\/facultad1995-600x404.jpg 600w, https:\/\/cristinafigueroa.es\/wp-content\/uploads\/2019\/10\/facultad1995.jpg 1920w\" sizes=\"(max-width: 1024px) 100vw, 1024px\" \/><\/a> <a href=\"https:\/\/cristinafigueroa.es\/wp-content\/uploads\/2019\/10\/bibliotecadederecho.jpg\"><img loading=\"lazy\" decoding=\"async\" class=\"wp-image-1999 size-large\" title=\"&quot;Biblioteca de Derecho&quot;\" src=\"https:\/\/cristinafigueroa.es\/wp-content\/uploads\/2019\/10\/bibliotecadederecho-1024x671.jpg\" alt=\"&quot;Biblioteca de Derecho&quot;\" width=\"1024\" height=\"671\" srcset=\"https:\/\/cristinafigueroa.es\/wp-content\/uploads\/2019\/10\/bibliotecadederecho-1024x671.jpg 1024w, https:\/\/cristinafigueroa.es\/wp-content\/uploads\/2019\/10\/bibliotecadederecho-300x197.jpg 300w, https:\/\/cristinafigueroa.es\/wp-content\/uploads\/2019\/10\/bibliotecadederecho-768x504.jpg 768w, https:\/\/cristinafigueroa.es\/wp-content\/uploads\/2019\/10\/bibliotecadederecho-600x393.jpg 600w, https:\/\/cristinafigueroa.es\/wp-content\/uploads\/2019\/10\/bibliotecadederecho.jpg 1920w\" sizes=\"(max-width: 1024px) 100vw, 1024px\" \/><\/a><\/p><p>Aqu\u00e9lla fue la primera de muchas exposiciones de dibujo a bol\u00edgrafo que fui haciendo desde entonces, normalmente sobre paisaje urbano y patrimonio cultural, al tiempo que me formaba como dise\u00f1adora gr\u00e1fica y me met\u00eda de lleno en el mundo de las nuevas tecnolog\u00edas e Internet.<\/p><p>Desde 2000 me dedico profesionalmente a la ilustraci\u00f3n y el dise\u00f1o.<\/p><p><img loading=\"lazy\" decoding=\"async\" class=\"aligncenter size-large wp-image-4138\" src=\"https:\/\/cristinafigueroa.es\/wp-content\/uploads\/2020\/01\/disegnadora-729x1024.jpg\" alt=\"Dise\u00f1adora gr\u00e1fica\" width=\"729\" height=\"1024\" srcset=\"https:\/\/cristinafigueroa.es\/wp-content\/uploads\/2020\/01\/disegnadora-729x1024.jpg 729w, https:\/\/cristinafigueroa.es\/wp-content\/uploads\/2020\/01\/disegnadora-213x300.jpg 213w, https:\/\/cristinafigueroa.es\/wp-content\/uploads\/2020\/01\/disegnadora-768x1079.jpg 768w, https:\/\/cristinafigueroa.es\/wp-content\/uploads\/2020\/01\/disegnadora-1093x1536.jpg 1093w, https:\/\/cristinafigueroa.es\/wp-content\/uploads\/2020\/01\/disegnadora-600x843.jpg 600w, https:\/\/cristinafigueroa.es\/wp-content\/uploads\/2020\/01\/disegnadora-43x60.jpg 43w, https:\/\/cristinafigueroa.es\/wp-content\/uploads\/2020\/01\/disegnadora-64x90.jpg 64w, https:\/\/cristinafigueroa.es\/wp-content\/uploads\/2020\/01\/disegnadora.jpg 1366w\" sizes=\"(max-width: 729px) 100vw, 729px\" \/><\/p><p><a href=\"https:\/\/cristinafigueroa.es\/cv\/\"><\/a><\/p><\/div><\/div><\/div><\/div><\/div><\/section><\/div> <a href=\"https:\/\/cristinafigueroa.es\/?p=1880#more-1880\" class=\"more-link elementor-more-link\"><span aria-label=\"Sigue leyendo Un poco de m\u00ed\">(m\u00e1s&hellip;)<\/span><\/a>","protected":false},"excerpt":{"rendered":"<p>En esta entrada quiero hablar un poco de m\u00ed y de las influencias que he tenido como dibujante. Nac\u00ed en 1970 en Medina del Campo, poblaci\u00f3n de 20.000 habitantes situada en plena meseta castellana al sur de Valladolid, a 160 km de Madrid, en el seno de una familia numerosa con varios hermanos y hermanas, [&hellip;]<\/p>\n","protected":false},"author":3,"featured_media":4134,"comment_status":"closed","ping_status":"open","sticky":false,"template":"","format":"standard","meta":{"footnotes":""},"categories":[411],"tags":[416,426,440,428,436,424,438,434,442],"acf":[],"_links":{"self":[{"href":"https:\/\/cristinafigueroa.es\/index.php?rest_route=\/wp\/v2\/posts\/1880"}],"collection":[{"href":"https:\/\/cristinafigueroa.es\/index.php?rest_route=\/wp\/v2\/posts"}],"about":[{"href":"https:\/\/cristinafigueroa.es\/index.php?rest_route=\/wp\/v2\/types\/post"}],"author":[{"embeddable":true,"href":"https:\/\/cristinafigueroa.es\/index.php?rest_route=\/wp\/v2\/users\/3"}],"replies":[{"embeddable":true,"href":"https:\/\/cristinafigueroa.es\/index.php?rest_route=%2Fwp%2Fv2%2Fcomments&post=1880"}],"version-history":[{"count":113,"href":"https:\/\/cristinafigueroa.es\/index.php?rest_route=\/wp\/v2\/posts\/1880\/revisions"}],"predecessor-version":[{"id":4371,"href":"https:\/\/cristinafigueroa.es\/index.php?rest_route=\/wp\/v2\/posts\/1880\/revisions\/4371"}],"wp:featuredmedia":[{"embeddable":true,"href":"https:\/\/cristinafigueroa.es\/index.php?rest_route=\/wp\/v2\/media\/4134"}],"wp:attachment":[{"href":"https:\/\/cristinafigueroa.es\/index.php?rest_route=%2Fwp%2Fv2%2Fmedia&parent=1880"}],"wp:term":[{"taxonomy":"category","embeddable":true,"href":"https:\/\/cristinafigueroa.es\/index.php?rest_route=%2Fwp%2Fv2%2Fcategories&post=1880"},{"taxonomy":"post_tag","embeddable":true,"href":"https:\/\/cristinafigueroa.es\/index.php?rest_route=%2Fwp%2Fv2%2Ftags&post=1880"}],"curies":[{"name":"wp","href":"https:\/\/api.w.org\/{rel}","templated":true}]}}